{"id":95,"date":"2022-04-22T09:42:29","date_gmt":"2022-04-22T09:42:29","guid":{"rendered":"https:\/\/equipementvelo.fr\/?p=95"},"modified":"2022-04-22T09:42:30","modified_gmt":"2022-04-22T09:42:30","slug":"quel-velo-pour-trajet-domicile-travail","status":"publish","type":"post","link":"https:\/\/equipementvelo.fr\/?p=95","title":{"rendered":"Quel v\u00e9lo pour trajet Domicile-travail ?"},"content":{"rendered":"\n<p>Saviez-vous que les personnes qui se rendent \u00e0 v\u00e9lo au travail pr\u00e9sentent une dose de stress moins importante que la norme ? En effet, cette pratique est de plus en plus r\u00e9currente. Cela apporte un bien-\u00eatre au quotidien aux personnes qui s\u2019y adonnent. Ce ph\u00e9nom\u00e8ne conna\u00eet une forte croissance depuis ces derni\u00e8res ann\u00e9es, notamment pour \u00e9viter de fr\u00e9quenter du monde dans les transports en commun. D\u00e9couvrez-en davantage sur cette pratique ainsi que sur le v\u00e9lo \u00e0 adopter pour un trajet domicile-travail.&nbsp;<\/p>\n\n\n\n<h2>Les diff\u00e9rents types de v\u00e9lo \u00e0 conna\u00eetre pour un trajet domicile-travail<\/h2>\n\n\n\n<p>Adopter un trajet domicile-travail est un bon moyen, autant \u00e9cologique qu\u2019\u00e9conomique, notamment si cela est envisageable pour vous. M\u00eame si le trajet n\u2019est pas quotidien, cela est une bonne alternative aux transports en commun et \u00e0 la voiture. Si vous ne poss\u00e9dez pas de v\u00e9lo, vous pouvez toujours proc\u00e9der \u00e0 la location instaur\u00e9e par les municipalit\u00e9s, \u00e0 la journ\u00e9e ou par abonnement.&nbsp;<\/p>\n\n\n\n<p>En premier lieu, \u00e9videmment, nous pensons au v\u00e9lo de ville. Celui-ci est parfait pour de petits trajets et pour rouler en milieu urbain. Il est id\u00e9al si vous ne roulez qu\u2019en ville, car il est con\u00e7u \u00e0 cet effet et vous garantit une conduite confortable. Attention \u00e0 ne pas l\u2019emprunter pour des longs trajets, parce qu&rsquo;il est plut\u00f4t lourd, vous risquez donc de vous fatiguer rapidement.&nbsp;<\/p>\n\n\n\n<p>Ensuite, vous avez naturellement le VTC qui, lui, est plus l\u00e9ger que le v\u00e9lo de ville. Il est polyvalent et vous permettra d\u2019emprunter des terrains mixtes, en tout confort. Vous pouvez \u00e9galement opter pour un v\u00e9lo pliable, qui est autant urbain que pratique si vous souhaitez vous d\u00e9placer autrement qu\u2019\u00e0 v\u00e9lo, \u00e0 un moment dans la journ\u00e9e. Le v\u00e9lo \u00e9lectrique s\u2019av\u00e8re id\u00e9al et pertinent pour vous, dans le cas o\u00f9 vous n\u2019\u00eates pas tr\u00e8s sportif initialement. Gr\u00e2ce \u00e0 lui, vous pourrez effectuer de longs trajets jusqu\u2019au travail sans grand effort.&nbsp;<\/p>\n\n\n\n<h2>Le succ\u00e8s du v\u00e9lotaf<\/h2>\n\n\n\n<p>Le v\u00e9lotaf, comme pr\u00e9cis\u00e9 pr\u00e9c\u00e9demment, est un ph\u00e9nom\u00e8ne qui cartonne depuis des ann\u00e9es.&nbsp;<\/p>\n\n\n\n<p>Celui-ci pr\u00e9sente de nombreux avantages et est pertinent si vous souhaitez arriver serein au travail. De plus, vous ferez d\u2019importantes \u00e9conomies si vous optez pour le trajet domicile-travail \u00e0 v\u00e9lo plut\u00f4t qu\u2019en voiture. Par ailleurs, si cette derni\u00e8re tombe en panne, votre v\u00e9lo est l\u00e0 pour vous sauver, mais aussi pour sauver votre sant\u00e9 ! Vous arriverez au travail moins stress\u00e9 et plus rapidement qu\u2019un.e automobiliste. D\u2019ailleurs, cette pratique est de plus en plus adapt\u00e9e et simple, puisque de nombreuses pistes cyclables voient le jour.<\/p>\n","protected":false},"excerpt":{"rendered":"<p>Saviez-vous que les personnes qui se rendent \u00e0 v\u00e9lo au travail pr\u00e9sentent une dose de stress moins importante que la norme ? En effet, cette pratique est de plus en plus r\u00e9currente. Cela apporte un bien-\u00eatre au quotidien aux personnes qui s\u2019y adonnent. Ce ph\u00e9nom\u00e8ne conna\u00eet une forte croissance depuis ces derni\u00e8res ann\u00e9es, notamment pour &hellip;<\/p>\n<p class=\"read-more\"> <a class=\"\" href=\"https:\/\/equipementvelo.fr\/?p=95\"> <span class=\"screen-reader-text\">Quel v\u00e9lo pour trajet Domicile-travail ?<\/span> Lire la suite\u00a0\u00bb<\/a><\/p>\n","protected":false},"author":1,"featured_media":48,"comment_status":"open","ping_status":"open","sticky":false,"template":"","format":"standard","meta":{"site-sidebar-layout":"default","site-content-layout":"default","ast-main-header-display":"","ast-hfb-above-header-display":"","ast-hfb-below-header-display":"","ast-hfb-mobile-header-display":"","site-post-title":"","ast-breadcrumbs-content":"","ast-featured-img":"","footer-sml-layout":"","theme-transparent-header-meta":"","adv-header-id-meta":"","stick-header-meta":"","header-above-stick-meta":"","header-main-stick-meta":"","header-below-stick-meta":""},"categories":[1],"tags":[],"_links":{"self":[{"href":"https:\/\/equipementvelo.fr\/index.php?rest_route=\/wp\/v2\/posts\/95"}],"collection":[{"href":"https:\/\/equipementvelo.fr\/index.php?rest_route=\/wp\/v2\/posts"}],"about":[{"href":"https:\/\/equipementvelo.fr\/index.php?rest_route=\/wp\/v2\/types\/post"}],"author":[{"embeddable":true,"href":"https:\/\/equipementvelo.fr\/index.php?rest_route=\/wp\/v2\/users\/1"}],"replies":[{"embeddable":true,"href":"https:\/\/equipementvelo.fr\/index.php?rest_route=%2Fwp%2Fv2%2Fcomments&post=95"}],"version-history":[{"count":1,"href":"https:\/\/equipementvelo.fr\/index.php?rest_route=\/wp\/v2\/posts\/95\/revisions"}],"predecessor-version":[{"id":102,"href":"https:\/\/equipementvelo.fr\/index.php?rest_route=\/wp\/v2\/posts\/95\/revisions\/102"}],"wp:featuredmedia":[{"embeddable":true,"href":"https:\/\/equipementvelo.fr\/index.php?rest_route=\/wp\/v2\/media\/48"}],"wp:attachment":[{"href":"https:\/\/equipementvelo.fr\/index.php?rest_route=%2Fwp%2Fv2%2Fmedia&parent=95"}],"wp:term":[{"taxonomy":"category","embeddable":true,"href":"https:\/\/equipementvelo.fr\/index.php?rest_route=%2Fwp%2Fv2%2Fcategories&post=95"},{"taxonomy":"post_tag","embeddable":true,"href":"https:\/\/equipementvelo.fr\/index.php?rest_route=%2Fwp%2Fv2%2Ftags&post=95"}],"curies":[{"name":"wp","href":"https:\/\/api.w.org\/{rel}","templated":true}]}}